{"id":620,"date":"2025-09-29T23:41:04","date_gmt":"2025-09-29T23:41:04","guid":{"rendered":"https:\/\/dlife.mx\/blog\/?p=620"},"modified":"2025-09-09T18:38:20","modified_gmt":"2025-09-09T18:38:20","slug":"diabetes-en-el-lugar-de-trabajo-derechos-laborales-y-adaptaciones","status":"publish","type":"post","link":"https:\/\/dlife.mx\/blog\/diabetes-en-el-lugar-de-trabajo-derechos-laborales-y-adaptaciones\/","title":{"rendered":"Diabetes en el Lugar de Trabajo: Derechos Laborales y Adaptaciones"},"content":{"rendered":"\n<p>Tener <strong>diabetes en el trabajo<\/strong> no debe ser un obst\u00e1culo para el desarrollo profesional. En M\u00e9xico, m\u00e1s de 12 millones de personas viven con diabetes, y la mayor\u00eda est\u00e1n en edad laboral. Conocer tus derechos y las adaptaciones disponibles es fundamental para mantener un empleo exitoso mientras cuidas tu salud.<\/p>\n\n\n\n<h3 class=\"wp-block-heading\"><strong>Marco Legal en M\u00e9xico: Tus Derechos Fundamentales<\/strong><\/h3>\n\n\n\n<h3 class=\"wp-block-heading\"><strong>Ley Federal del Trabajo y Diabetes<\/strong><\/h3>\n\n\n\n<p>La <strong>Ley Federal del Trabajo<\/strong> en M\u00e9xico establece que:<\/p>\n\n\n\n<ul class=\"wp-block-list\">\n<li><strong>No discriminaci\u00f3n<\/strong>: Prohibici\u00f3n de discriminar por condiciones de salud<\/li>\n\n\n\n<li><strong>Igualdad de oportunidades<\/strong>: Acceso equitativo a empleos y promociones<\/li>\n\n\n\n<li><strong>Adaptaciones razonables<\/strong>: El empleador debe facilitar ajustes necesarios<\/li>\n\n\n\n<li><strong>Confidencialidad m\u00e9dica<\/strong>: Protecci\u00f3n de informaci\u00f3n de salud personal<\/li>\n<\/ul>\n\n\n\n<h3 class=\"wp-block-heading\"><strong>Ley Federal para Prevenir y Eliminar la Discriminaci\u00f3n<\/strong><\/h3>\n\n\n\n<p>Esta legislaci\u00f3n espec\u00edficamente protege contra:<\/p>\n\n\n\n<ul class=\"wp-block-list\">\n<li><strong>Discriminaci\u00f3n por discapacidad<\/strong>: Incluyendo condiciones cr\u00f3nicas como diabetes<\/li>\n\n\n\n<li><strong>Negativa de empleo<\/strong>: Por condiciones de salud controlables<\/li>\n\n\n\n<li><strong>Despido injustificado<\/strong>: Relacionado con diagn\u00f3stico de diabetes<\/li>\n<\/ul>\n\n\n\n<h3 class=\"wp-block-heading\"><strong>\u00bfCu\u00e1ndo Revelar tu Diagn\u00f3stico?<\/strong><\/h3>\n\n\n\n<h3 class=\"wp-block-heading\"><strong>No Hay Obligaci\u00f3n de Divulgar<\/strong><\/h3>\n\n\n\n<ul class=\"wp-block-list\">\n<li><strong>Durante la entrevista<\/strong>: No est\u00e1s obligado a revelar tu diabetes<\/li>\n\n\n\n<li><strong>Ex\u00e1menes m\u00e9dicos<\/strong>: Solo pueden solicitarse despu\u00e9s de oferta de trabajo<\/li>\n\n\n\n<li><strong>Informaci\u00f3n voluntaria<\/strong>: Puedes elegir cu\u00e1ndo y a qui\u00e9n informar<\/li>\n<\/ul>\n\n\n\n<h3 class=\"wp-block-heading\"><strong>Cu\u00e1ndo es Recomendable Informar<\/strong><\/h3>\n\n\n\n<ul class=\"wp-block-list\">\n<li><strong>Si necesitas adaptaciones<\/strong>: Para horarios de comidas o medicaci\u00f3n<\/li>\n\n\n\n<li><strong>Trabajo de riesgo<\/strong>: Que pueda afectar tu control gluc\u00e9mico<\/li>\n\n\n\n<li><strong>Emergencias m\u00e9dicas<\/strong>: Para que sepan c\u00f3mo actuar<\/li>\n\n\n\n<li><strong>Ambiente de confianza<\/strong>: Cuando sientes apoyo del equipo<\/li>\n<\/ul>\n\n\n\n<h3 class=\"wp-block-heading\"><strong>Adaptaciones Laborales Comunes<\/strong><\/h3>\n\n\n\n<h3 class=\"wp-block-heading\"><strong>Adaptaciones de Horario<\/strong><\/h3>\n\n\n\n<h4 class=\"wp-block-heading\"><strong>Flexibilidad en Comidas<\/strong><\/h4>\n\n\n\n<ul class=\"wp-block-list\">\n<li><strong>Horarios regulares<\/strong>: Para mantener control gluc\u00e9mico<\/li>\n\n\n\n<li><strong>Refrigerios programados<\/strong>: Prevenci\u00f3n de hipoglucemias<\/li>\n\n\n\n<li><strong>Tiempo para medicaci\u00f3n<\/strong>: Especialmente insulina<\/li>\n\n\n\n<li><strong>Pausas adicionales<\/strong>: Para monitoreo de glucosa<\/li>\n<\/ul>\n\n\n\n<h4 class=\"wp-block-heading\"><strong>Modificaciones de Jornada<\/strong><\/h4>\n\n\n\n<ul class=\"wp-block-list\">\n<li><strong>Horarios flexibles<\/strong>: Adaptaci\u00f3n a citas m\u00e9dicas<\/li>\n\n\n\n<li><strong>Trabajo desde casa<\/strong>: En d\u00edas de descontrol o citas<\/li>\n\n\n\n<li><strong>Reducci\u00f3n de horas<\/strong>: En casos espec\u00edficos con justificaci\u00f3n m\u00e9dica<\/li>\n<\/ul>\n\n\n\n<h3 class=\"wp-block-heading\"><strong>Adaptaciones del Entorno<\/strong><\/h3>\n\n\n\n<h4 class=\"wp-block-heading\"><strong>Espacio de Trabajo<\/strong><\/h4>\n\n\n\n<ul class=\"wp-block-list\">\n<li><strong>Refrigerador<\/strong>: Para almacenar insulina y alimentos<\/li>\n\n\n\n<li><strong>Lugar privado<\/strong>: Para aplicaci\u00f3n de insulina y monitoreo<\/li>\n\n\n\n<li><strong>Kit de emergencia<\/strong>: Glucag\u00f3n y tratamiento de hipoglucemia<\/li>\n\n\n\n<li><strong>Comunicaci\u00f3n directa<\/strong>: Con supervisor para emergencias<\/li>\n<\/ul>\n\n\n\n<h4 class=\"wp-block-heading\"><strong>Modificaciones de Tareas<\/strong><\/h4>\n\n\n\n<ul class=\"wp-block-list\">\n<li><strong>Trabajos de altura<\/strong>: Evaluaci\u00f3n de riesgo por hipoglucemia<\/li>\n\n\n\n<li><strong>Manejo de maquinaria<\/strong>: Consideraciones de seguridad<\/li>\n\n\n\n<li><strong>Turnos nocturnos<\/strong>: Impacto en control gluc\u00e9mico<\/li>\n\n\n\n<li><strong>Viajes de trabajo<\/strong>: Adaptaciones para medicaci\u00f3n y comidas<\/li>\n<\/ul>\n\n\n\n<h3 class=\"wp-block-heading\"><strong>Manejo de Emergencias en el Trabajo<\/strong><\/h3>\n\n\n\n<h3 class=\"wp-block-heading\"><strong>Hipoglucemia en el Trabajo<\/strong><\/h3>\n\n\n\n<h4 class=\"wp-block-heading\"><strong>S\u00edntomas de Alerta<\/strong><\/h4>\n\n\n\n<ul class=\"wp-block-list\">\n<li><strong>Temblor y sudoraci\u00f3n<\/strong><\/li>\n\n\n\n<li><strong>Confusi\u00f3n y dificultad para concentrarse<\/strong><\/li>\n\n\n\n<li><strong>Irritabilidad inusual<\/strong><\/li>\n\n\n\n<li><strong>Debilidad y mareo<\/strong><\/li>\n<\/ul>\n\n\n\n<h4 class=\"wp-block-heading\"><strong>Protocolo de Respuesta<\/strong><\/h4>\n\n\n\n<ol class=\"wp-block-list\">\n<li><strong>Tratamiento inmediato<\/strong>: 15g de carbohidratos de acci\u00f3n r\u00e1pida<\/li>\n\n\n\n<li><strong>Reposar 15 minutos<\/strong>: En lugar seguro<\/li>\n\n\n\n<li><strong>Verificar glucosa<\/strong>: Nueva medici\u00f3n<\/li>\n\n\n\n<li><strong>Repetir si necesario<\/strong>: Hasta normalizar niveles<\/li>\n\n\n\n<li><strong>Informar al supervisor<\/strong>: Si la situaci\u00f3n lo amerita<\/li>\n<\/ol>\n\n\n\n<h3 class=\"wp-block-heading\"><strong>Kit de Emergencia Laboral<\/strong><\/h3>\n\n\n\n<ul class=\"wp-block-list\">\n<li><strong>Gluc\u00f3metro y tiras<\/strong>: Para monitoreo frecuente<\/li>\n\n\n\n<li><strong>Tabletas de glucosa<\/strong>: Tratamiento r\u00e1pido de hipoglucemia<\/li>\n\n\n\n<li><strong>Glucag\u00f3n<\/strong>: Para emergencias severas<\/li>\n\n\n\n<li><strong>Informaci\u00f3n m\u00e9dica<\/strong>: Tarjeta con datos de emergencia<\/li>\n\n\n\n<li><strong>Contactos<\/strong>: M\u00e9dico y familiares<\/li>\n<\/ul>\n\n\n\n<figure class=\"wp-block-image size-large\"><img loading=\"lazy\" decoding=\"async\" width=\"1024\" height=\"576\" src=\"https:\/\/dlife.mx\/blog\/wp-content\/uploads\/2025\/09\/Diabetes-en-el-lugar-de-trabajo-Derechos-laborales-y-adaptaciones-2-1024x576.png\" alt=\"\" class=\"wp-image-629\" srcset=\"https:\/\/dlife.mx\/blog\/wp-content\/uploads\/2025\/09\/Diabetes-en-el-lugar-de-trabajo-Derechos-laborales-y-adaptaciones-2-1024x576.png 1024w, https:\/\/dlife.mx\/blog\/wp-content\/uploads\/2025\/09\/Diabetes-en-el-lugar-de-trabajo-Derechos-laborales-y-adaptaciones-2-300x169.png 300w, https:\/\/dlife.mx\/blog\/wp-content\/uploads\/2025\/09\/Diabetes-en-el-lugar-de-trabajo-Derechos-laborales-y-adaptaciones-2-768x432.png 768w, https:\/\/dlife.mx\/blog\/wp-content\/uploads\/2025\/09\/Diabetes-en-el-lugar-de-trabajo-Derechos-laborales-y-adaptaciones-2-1536x864.png 1536w, https:\/\/dlife.mx\/blog\/wp-content\/uploads\/2025\/09\/Diabetes-en-el-lugar-de-trabajo-Derechos-laborales-y-adaptaciones-2.png 1920w\" sizes=\"auto, (max-width: 1024px) 100vw, 1024px\" \/><\/figure>\n\n\n\n<h3 class=\"wp-block-heading\"><strong>Derechos Espec\u00edficos del Trabajador con Diabetes<\/strong><\/h3>\n\n\n\n<h3 class=\"wp-block-heading\"><strong>En Procesos de Selecci\u00f3n<\/strong><\/h3>\n\n\n\n<ul class=\"wp-block-list\">\n<li><strong>Evaluaci\u00f3n justa<\/strong>: Basada en capacidades, no en diagn\u00f3stico<\/li>\n\n\n\n<li><strong>Examen m\u00e9dico post-oferta<\/strong>: Solo para determinar adaptaciones necesarias<\/li>\n\n\n\n<li><strong>Confidencialidad<\/strong>: Informaci\u00f3n m\u00e9dica restringida a personal autorizado<\/li>\n<\/ul>\n\n\n\n<h3 class=\"wp-block-heading\"><strong>Durante el Empleo<\/strong><\/h3>\n\n\n\n<ul class=\"wp-block-list\">\n<li><strong>Rendimiento igual<\/strong>: No discriminaci\u00f3n en evaluaciones<\/li>\n\n\n\n<li><strong>Promociones<\/strong>: Igualdad de oportunidades para ascensos<\/li>\n\n\n\n<li><strong>Capacitaciones<\/strong>: Acceso equitativo a desarrollo profesional<\/li>\n\n\n\n<li><strong>Beneficios<\/strong>: Mismos beneficios que otros empleados<\/li>\n<\/ul>\n\n\n\n<h3 class=\"wp-block-heading\"><strong>Seguridad Social y Prestaciones<\/strong><\/h3>\n\n\n\n<ul class=\"wp-block-list\">\n<li><strong>IMSS<\/strong>: Cobertura completa para tratamiento de diabetes<\/li>\n\n\n\n<li><strong>Incapacidades<\/strong>: Por complicaciones relacionadas con diabetes<\/li>\n\n\n\n<li><strong>Pensi\u00f3n por invalidez<\/strong>: En casos de complicaciones severas<\/li>\n\n\n\n<li><strong>Medicamentos<\/strong>: Cobertura de insulina y medicamentos<\/li>\n<\/ul>\n\n\n\n<h3 class=\"wp-block-heading\"><strong>Comunicaci\u00f3n Efectiva con Empleadores<\/strong><\/h3>\n\n\n\n<h3 class=\"wp-block-heading\"><strong>C\u00f3mo Abordar el Tema<\/strong><\/h3>\n\n\n\n<ul class=\"wp-block-list\">\n<li><strong>Enfoque en capacidades<\/strong>: No en limitaciones<\/li>\n\n\n\n<li><strong>Informaci\u00f3n espec\u00edfica<\/strong>: Solo lo necesario para adaptaciones<\/li>\n\n\n\n<li><strong>Propuestas concretas<\/strong>: Adaptaciones que necesitas<\/li>\n\n\n\n<li><strong>Beneficios mutuos<\/strong>: C\u00f3mo las adaptaciones mejoran productividad<\/li>\n<\/ul>\n\n\n\n<h3 class=\"wp-block-heading\"><strong>Documentaci\u00f3n Importante<\/strong><\/h3>\n\n\n\n<ul class=\"wp-block-list\">\n<li><strong>Carta m\u00e9dica<\/strong>: Especificando necesidades de adaptaci\u00f3n<\/li>\n\n\n\n<li><strong>Plan de emergencia<\/strong>: Protocolo claro para situaciones cr\u00edticas<\/li>\n\n\n\n<li><strong>Contactos m\u00e9dicos<\/strong>: Para emergencias laborales<\/li>\n\n\n\n<li><strong>Actualizaciones regulares<\/strong>: Cambios en tratamiento o necesidades<\/li>\n<\/ul>\n\n\n\n<h3 class=\"wp-block-heading\"><strong>Industrias y Trabajos Especiales<\/strong><\/h3>\n\n\n\n<h3 class=\"wp-block-heading\"><strong>Trabajos con Restricciones<\/strong><\/h3>\n\n\n\n<ul class=\"wp-block-list\">\n<li><strong>Aviaci\u00f3n comercial<\/strong>: Limitaciones espec\u00edficas para pilotos<\/li>\n\n\n\n<li><strong>Transporte p\u00fablico<\/strong>: Evaluaci\u00f3n caso por caso<\/li>\n\n\n\n<li><strong>Fuerzas armadas<\/strong>: Restricciones seg\u00fan funci\u00f3n<\/li>\n\n\n\n<li><strong>Trabajos de alto riesgo<\/strong>: Evaluaci\u00f3n individual<\/li>\n<\/ul>\n\n\n\n<h3 class=\"wp-block-heading\"><strong>Trabajos Compatibles<\/strong><\/h3>\n\n\n\n<ul class=\"wp-block-list\">\n<li><strong>Oficina y administrativos<\/strong>: Generalmente sin restricciones<\/li>\n\n\n\n<li><strong>Educaci\u00f3n<\/strong>: Con adaptaciones menores<\/li>\n\n\n\n<li><strong>Ventas y servicios<\/strong>: Flexibilidad natural<\/li>\n\n\n\n<li><strong>Tecnolog\u00eda<\/strong>: Ambiente controlado favorable<\/li>\n<\/ul>\n\n\n\n<h3 class=\"wp-block-heading\"><strong>Productividad y Diabetes: Rompiendo Mitos<\/strong><\/h3>\n\n\n\n<h3 class=\"wp-block-heading\"><strong>Realidades Positivas<\/strong><\/h3>\n\n\n\n<ul class=\"wp-block-list\">\n<li><strong>Igual productividad<\/strong>: Con control adecuado<\/li>\n\n\n\n<li><strong>Menor ausentismo<\/strong>: Que muchas otras condiciones<\/li>\n\n\n\n<li><strong>Disciplina transferible<\/strong>: Habilidades de autogesti\u00f3n valiosas<\/li>\n\n\n\n<li><strong>Perspectiva \u00fanica<\/strong>: Experiencia en manejo de adversidades<\/li>\n<\/ul>\n\n\n\n<h3 class=\"wp-block-heading\"><strong>Estrategias de \u00c9xito<\/strong><\/h3>\n\n\n\n<ul class=\"wp-block-list\">\n<li><strong>Control gluc\u00e9mico \u00f3ptimo<\/strong>: Base de buen rendimiento<\/li>\n\n\n\n<li><strong>Organizaci\u00f3n personal<\/strong>: Planificaci\u00f3n de comidas y medicaci\u00f3n<\/li>\n\n\n\n<li><strong>Comunicaci\u00f3n abierta<\/strong>: Con equipo de trabajo de confianza<\/li>\n\n\n\n<li><strong>Autocuidado prioritario<\/strong>: Sin culpa por necesidades de salud<\/li>\n<\/ul>\n\n\n\n<h3 class=\"wp-block-heading\"><strong>Recursos y Apoyo Disponible<\/strong><\/h3>\n\n\n\n<h3 class=\"wp-block-heading\"><strong>Organizaciones de Apoyo<\/strong><\/h3>\n\n\n\n<ul class=\"wp-block-list\">\n<li><strong>Federaci\u00f3n Mexicana de Diabetes<\/strong>: Informaci\u00f3n y recursos<\/li>\n\n\n\n<li><strong>CONAPRED<\/strong>: Denuncias por discriminaci\u00f3n<\/li>\n\n\n\n<li><strong>Secretar\u00eda del Trabajo<\/strong>: Mediaci\u00f3n en conflictos laborales<\/li>\n\n\n\n<li><strong>Grupos de apoyo<\/strong>: Experiencias compartidas<\/li>\n<\/ul>\n\n\n\n<h3 class=\"wp-block-heading\"><strong>Profesionales de Apoyo<\/strong><\/h3>\n\n\n\n<ul class=\"wp-block-list\">\n<li><strong>Abogados laborales<\/strong>: Especialistas en discriminaci\u00f3n<\/li>\n\n\n\n<li><strong>Educadores en diabetes<\/strong>: Estrategias de manejo laboral<\/li>\n\n\n\n<li><strong>Trabajadores sociales<\/strong>: Navegaci\u00f3n de sistemas de apoyo<\/li>\n\n\n\n<li><strong>Psic\u00f3logos<\/strong>: Manejo de estr\u00e9s laboral<\/li>\n<\/ul>\n\n\n\n<h3 class=\"wp-block-heading\"><strong>Construyendo un Futuro Laboral Exitoso<\/strong><\/h3>\n\n\n\n<p>La diabetes no define tus capacidades profesionales. Con el <strong>control adecuado<\/strong>, <strong>conocimiento de tus derechos<\/strong> y <strong>comunicaci\u00f3n efectiva<\/strong>, puedes mantener una carrera exitosa y gratificante.<\/p>\n\n\n\n<p>Recuerda: tu valor como empleado se basa en tus habilidades, experiencia y contribuciones, no en tu condici\u00f3n de salud. La diabetes bien controlada no debe limitar tus aspiraciones profesionales.<\/p>\n\n\n\n<hr class=\"wp-block-separator has-alpha-channel-opacity\"\/>\n\n\n\n<h3 class=\"wp-block-heading\"><strong>Referencias<\/strong><\/h3>\n\n\n\n<ol class=\"wp-block-list\">\n<li>Ley Federal del Trabajo de M\u00e9xico. (2019). <em>Art\u00edculos sobre no discriminaci\u00f3n y derechos laborales<\/em>. Diario Oficial de la Federaci\u00f3n.<br><\/li>\n\n\n\n<li>American Diabetes Association. (2023). <em>Diabetes and Employment<\/em>. Diabetes Care, 46(Supplement_1).<br><\/li>\n\n\n\n<li>Ley Federal para Prevenir y Eliminar la Discriminaci\u00f3n. (2018). <em>Marco legal contra discriminaci\u00f3n por discapacidad<\/em>. M\u00e9xico.<br><\/li>\n\n\n\n<li>Organizaci\u00f3n Internacional del Trabajo. (2022). <em>Gesti\u00f3n de la discapacidad en el lugar de trabajo: Gu\u00eda para empleadores<\/em>. OIT M\u00e9xico.<br><\/li>\n\n\n\n<li>Secretar\u00eda del Trabajo y Previsi\u00f3n Social. (2023). <em>Gu\u00eda de inclusi\u00f3n laboral para personas con discapacidad<\/em>. STPS M\u00e9xico.<br><\/li>\n<\/ol>\n\n\n\n<hr class=\"wp-block-separator has-alpha-channel-opacity\"\/>\n","protected":false},"excerpt":{"rendered":"<p>Tener diabetes en el trabajo no debe ser un obst\u00e1culo para el desarrollo profesional. En M\u00e9xico, m\u00e1s de 12 millones [&hellip;]<\/p>\n","protected":false},"author":1,"featured_media":628,"comment_status":"open","ping_status":"open","sticky":false,"template":"","format":"standard","meta":{"site-sidebar-layout":"default","site-content-layout":"","ast-site-content-layout":"default","site-content-style":"default","site-sidebar-style":"default","ast-global-header-display":"","ast-banner-title-visibility":"","ast-main-header-display":"","ast-hfb-above-header-display":"","ast-hfb-below-header-display":"","ast-hfb-mobile-header-display":"","site-post-title":"","ast-breadcrumbs-content":"","ast-featured-img":"","footer-sml-layout":"","ast-disable-related-posts":"","theme-transparent-header-meta":"","adv-header-id-meta":"","stick-header-meta":"","header-above-stick-meta":"","header-main-stick-meta":"","header-below-stick-meta":"","astra-migrate-meta-layouts":"default","ast-page-background-enabled":"default","ast-page-background-meta":{"desktop":{"background-color":"var(--ast-global-color-4)","background-image":"","background-repeat":"repeat","background-position":"center center","background-size":"auto","background-attachment":"scroll","background-type":"","background-media":"","overlay-type":"","overlay-color":"","overlay-opacity":"","overlay-gradient":""},"tablet":{"background-color":"","background-image":"","background-repeat":"repeat","background-position":"center center","background-size":"auto","background-attachment":"scroll","background-type":"","background-media":"","overlay-type":"","overlay-color":"","overlay-opacity":"","overlay-gradient":""},"mobile":{"background-color":"","background-image":"","background-repeat":"repeat","background-position":"center center","background-size":"auto","background-attachment":"scroll","background-type":"","background-media":"","overlay-type":"","overlay-color":"","overlay-opacity":"","overlay-gradient":""}},"ast-content-background-meta":{"desktop":{"background-color":"var(--ast-global-color-5)","background-image":"","background-repeat":"repeat","background-position":"center center","background-size":"auto","background-attachment":"scroll","background-type":"","background-media":"","overlay-type":"","overlay-color":"","overlay-opacity":"","overlay-gradient":""},"tablet":{"background-color":"var(--ast-global-color-5)","background-image":"","background-repeat":"repeat","background-position":"center center","background-size":"auto","background-attachment":"scroll","background-type":"","background-media":"","overlay-type":"","overlay-color":"","overlay-opacity":"","overlay-gradient":""},"mobile":{"background-color":"var(--ast-global-color-5)","background-image":"","background-repeat":"repeat","background-position":"center center","background-size":"auto","background-attachment":"scroll","background-type":"","background-media":"","overlay-type":"","overlay-color":"","overlay-opacity":"","overlay-gradient":""}},"_jetpack_memberships_contains_paid_content":false,"footnotes":""},"categories":[28],"tags":[71,70,73,69,68,72],"class_list":["post-620","post","type-post","status-publish","format-standard","has-post-thumbnail","hentry","category-tips","tag-adaptaciones-trabajo-diabetes","tag-derechos-laborales-diabetes","tag-diabetes-empleado","tag-diabetes-trabajo-mexico","tag-discriminacion-laboral-diabetes","tag-ley-federal-trabajo"],"jetpack_featured_media_url":"https:\/\/dlife.mx\/blog\/wp-content\/uploads\/2025\/09\/Diabetes-en-el-lugar-de-trabajo-Derechos-laborales-y-adaptaciones.png","jetpack_sharing_enabled":true,"_links":{"self":[{"href":"https:\/\/dlife.mx\/blog\/wp-json\/wp\/v2\/posts\/620","targetHints":{"allow":["GET"]}}],"collection":[{"href":"https:\/\/dlife.mx\/blog\/wp-json\/wp\/v2\/posts"}],"about":[{"href":"https:\/\/dlife.mx\/blog\/wp-json\/wp\/v2\/types\/post"}],"author":[{"embeddable":true,"href":"https:\/\/dlife.mx\/blog\/wp-json\/wp\/v2\/users\/1"}],"replies":[{"embeddable":true,"href":"https:\/\/dlife.mx\/blog\/wp-json\/wp\/v2\/comments?post=620"}],"version-history":[{"count":2,"href":"https:\/\/dlife.mx\/blog\/wp-json\/wp\/v2\/posts\/620\/revisions"}],"predecessor-version":[{"id":630,"href":"https:\/\/dlife.mx\/blog\/wp-json\/wp\/v2\/posts\/620\/revisions\/630"}],"wp:featuredmedia":[{"embeddable":true,"href":"https:\/\/dlife.mx\/blog\/wp-json\/wp\/v2\/media\/628"}],"wp:attachment":[{"href":"https:\/\/dlife.mx\/blog\/wp-json\/wp\/v2\/media?parent=620"}],"wp:term":[{"taxonomy":"category","embeddable":true,"href":"https:\/\/dlife.mx\/blog\/wp-json\/wp\/v2\/categories?post=620"},{"taxonomy":"post_tag","embeddable":true,"href":"https:\/\/dlife.mx\/blog\/wp-json\/wp\/v2\/tags?post=620"}],"curies":[{"name":"wp","href":"https:\/\/api.w.org\/{rel}","templated":true}]}}